{"id":2279,"date":"2023-12-14T11:23:17","date_gmt":"2023-12-14T11:23:17","guid":{"rendered":"https:\/\/vvcom.nl\/non-classifiee\/changement-de-nom-de-vv-commodities-a-vv-com\/"},"modified":"2023-12-18T13:51:26","modified_gmt":"2023-12-18T13:51:26","slug":"changement-de-nom-de-vv-commodities-a-vv-com","status":"publish","type":"post","link":"https:\/\/vvcom.nl\/fr\/actualites\/changement-de-nom-de-vv-commodities-a-vv-com\/","title":{"rendered":"Changement de nom de V&amp;V Commodities \u00e0 VV COM"},"content":{"rendered":"\n<p>Suite au d\u00e9part de Tim van Doorne, nous avons d\u00e9cid\u00e9 de changer la forme juridique de <strong>V&amp;V Commodities<\/strong>, une soci\u00e9t\u00e9 en nom collectif, en une soci\u00e9t\u00e9 \u00e0 responsabilit\u00e9 limit\u00e9e. La forme juridique n\u00e9erlandaise B.V. nous donne en tant qu\u2019entreprise, \u00e0 notre personnel et \u00e0 nos relations, plus de clart\u00e9 et de s\u00e9curit\u00e9.<\/p>\n\n\n\n<p>Nos march\u00e9s sont en constante \u00e9volution. De plus en plus de produits ne r\u00e9pondent plus \u00e0 un mod\u00e8le standard, alors que notre ancien nom d\u2019entreprise \u00e9voquait cette standardisation.<\/p>\n\n\n\n<p>Pour suivre cette \u00e9volution, nous avons d\u00e9cid\u00e9 d&rsquo;abandonner la raison juridique <strong>V&amp;V Commodities vof<\/strong> pour continuer sous le nom de <strong>VV COM BV.<\/strong><\/p>\n\n\n\n<p><strong>VV COM<\/strong> intervient dans le domaine des <strong>COM<\/strong>modities, du commerce des <strong>COM<\/strong>missions, mais toujours avec <strong>COM<\/strong>mon sense.<\/p>\n\n\n\n<p>Avec 30 ans d\u2019exp\u00e9rience, ce qui ne change pas, c\u2019est notre m\u00e9thode de travail \u00e9prouv\u00e9e, qui repose sur divers piliers : l\u2019attention personnelle, l\u2019efficacit\u00e9, la fiabilit\u00e9 et l\u2019expertise.<\/p>\n\n\n\n<p><strong>Nos coordonn\u00e9es<\/strong><\/p>\n\n\n\n<p>Le num\u00e9ro IBAN de VV COM restera le m\u00eame que le num\u00e9ro IBAN de V&amp;V Commodities, c\u2019est-\u00e0-dire NL68 INGB 0684 115158<\/p>\n\n\n\n<p>Le num\u00e9ro de TVA est modifi\u00e9 et devient NL851177736B02<\/p>\n\n\n\n<p>Le num\u00e9ro de la Chambre de commerce est modifi\u00e9 et devient 54127610<\/p>\n","protected":false},"excerpt":{"rendered":"<p>Suite au d\u00e9part de Tim van Doorne, nous avons d\u00e9cid\u00e9 de changer la forme juridique de V&amp;V Commodities, une soci\u00e9t\u00e9 en nom collectif, en une soci\u00e9t\u00e9 \u00e0 responsabilit\u00e9 limit\u00e9e. La forme juridique n\u00e9erlandaise B.V. nous donne en tant qu\u2019entreprise, \u00e0 notre personnel et \u00e0 nos relations, plus de clart\u00e9 et de s\u00e9curit\u00e9. Nos march\u00e9s sont&hellip;<\/p>\n","protected":false},"author":1,"featured_media":2099,"comment_status":"open","ping_status":"closed","sticky":false,"template":"","format":"standard","meta":{"_acf_changed":false,"footnotes":""},"categories":[9],"tags":[],"class_list":["post-2279","post","type-post","status-publish","format-standard","has-post-thumbnail","hentry","category-actualites"],"acf":[],"_links":{"self":[{"href":"https:\/\/vvcom.nl\/fr\/wp-json\/wp\/v2\/posts\/2279","targetHints":{"allow":["GET"]}}],"collection":[{"href":"https:\/\/vvcom.nl\/fr\/wp-json\/wp\/v2\/posts"}],"about":[{"href":"https:\/\/vvcom.nl\/fr\/wp-json\/wp\/v2\/types\/post"}],"author":[{"embeddable":true,"href":"https:\/\/vvcom.nl\/fr\/wp-json\/wp\/v2\/users\/1"}],"replies":[{"embeddable":true,"href":"https:\/\/vvcom.nl\/fr\/wp-json\/wp\/v2\/comments?post=2279"}],"version-history":[{"count":3,"href":"https:\/\/vvcom.nl\/fr\/wp-json\/wp\/v2\/posts\/2279\/revisions"}],"predecessor-version":[{"id":2440,"href":"https:\/\/vvcom.nl\/fr\/wp-json\/wp\/v2\/posts\/2279\/revisions\/2440"}],"wp:featuredmedia":[{"embeddable":true,"href":"https:\/\/vvcom.nl\/fr\/wp-json\/wp\/v2\/media\/2099"}],"wp:attachment":[{"href":"https:\/\/vvcom.nl\/fr\/wp-json\/wp\/v2\/media?parent=2279"}],"wp:term":[{"taxonomy":"category","embeddable":true,"href":"https:\/\/vvcom.nl\/fr\/wp-json\/wp\/v2\/categories?post=2279"},{"taxonomy":"post_tag","embeddable":true,"href":"https:\/\/vvcom.nl\/fr\/wp-json\/wp\/v2\/tags?post=2279"}],"curies":[{"name":"wp","href":"https:\/\/api.w.org\/{rel}","templated":true}]}}